{"id":1295,"date":"2023-08-07T13:00:05","date_gmt":"2023-08-07T16:00:05","guid":{"rendered":"https:\/\/santoseurel.com\/blog\/?p=1295"},"modified":"2023-08-07T03:13:27","modified_gmt":"2023-08-07T06:13:27","slug":"direito-de-familia-pensao-alimenticia-guarda-e-visitas","status":"publish","type":"post","link":"https:\/\/santoseurel.com\/blog\/direito-de-familia-pensao-alimenticia-guarda-e-visitas\/","title":{"rendered":"Direito de Fam\u00edlia: Pens\u00e3o Aliment\u00edcia, Guarda e Visitas"},"content":{"rendered":"\n<p><mark style=\"background-color:rgba(0, 0, 0, 0);color:#bb8704\" class=\"has-inline-color\"><strong>Santos &amp; Urel advogados<\/strong> | 07 de agosto \u00e0s 13:00 <\/mark><\/p>\n\n\n\n<figure class=\"wp-block-image size-full\"><img fetchpriority=\"high\" decoding=\"async\" width=\"750\" height=\"292\" src=\"https:\/\/santoseurel.com\/blog\/wp-content\/uploads\/2023\/08\/BPRINCIPAL-07.08.webp\" alt=\"\" class=\"wp-image-1315\" srcset=\"https:\/\/santoseurel.com\/blog\/wp-content\/uploads\/2023\/08\/BPRINCIPAL-07.08.webp 750w, https:\/\/santoseurel.com\/blog\/wp-content\/uploads\/2023\/08\/BPRINCIPAL-07.08-300x117.webp 300w\" sizes=\"(max-width: 750px) 100vw, 750px\" \/><\/figure>\n\n\n\n<h2 class=\"wp-block-heading\"><strong>Direito da fam\u00edlia: Pens\u00e3o aliment\u00edcia, guarda e visitas<\/strong><\/h2>\n\n\n\n<p class=\"has-text-color\" style=\"color:#55667e\"><strong>As quest\u00f5es familiares <\/strong>relacionadas \u00e0 pens\u00e3o aliment\u00edcia, guarda e visita\u00e7\u00e3o podem ser desafiadoras e <strong>nos colocam diante de conflitos que exigem solu\u00e7\u00f5es adequadas aos nossos aspectos legais. <\/strong>Neste artigo, vamos discutir os principais temas para que voc\u00ea possa entender melhor o que est\u00e1 em jogo nessas situa\u00e7\u00f5es.<\/p>\n\n\n\n<h5 class=\"wp-block-heading\">Pens\u00e3o Aliment\u00edcia: o que \u00e9 e como \u00e9 calculada<\/h5>\n\n\n\n<p class=\"has-text-color\" style=\"color:#55667e\">A pens\u00e3o aliment\u00edcia \u00e9 um direito garantido pela lei e deve ser paga em casos em que um dos c\u00f4njuges n\u00e3o tem condi\u00e7\u00f5es financeiras de prover o pr\u00f3prio sustento e\/ou de seus filhos. O valor \u00e9 calculado com base na necessidade do alimentando e na capacidade financeira do alimentante, entre outros fatores.<\/p>\n\n\n\n<h5 class=\"wp-block-heading\">Entenda a Necessidade<\/h5>\n\n\n\n<p class=\"has-text-color\" style=\"color:#55667e\">Para calcular o valor da pens\u00e3o, \u00e9 preciso levar em conta as <strong>despesas b\u00e1sicas do alimentando, como alimenta\u00e7\u00e3o, transporte, sa\u00fade e educa\u00e7\u00e3o.<\/strong><\/p>\n\n\n\n<h5 class=\"wp-block-heading\">Capacidade Financeira<\/h5>\n\n\n\n<p class=\"has-text-color\" style=\"color:#55667e\">A capacidade financeira do alimentante tamb\u00e9m \u00e9 um fator importante na equa\u00e7\u00e3o. Para calcular esse valor, <strong>s\u00e3o considerados os gastos com despesas b\u00e1sicas, como moradia e alimenta\u00e7\u00e3o.<\/strong><\/p>\n\n\n\n<h5 class=\"wp-block-heading\">A Diferen\u00e7a Entre Guarda Compartilhada e Guarda Unilateral<\/h5>\n\n\n\n<h5 class=\"wp-block-heading\">Guarda Compartilhada<\/h5>\n\n\n\n<p class=\"has-text-color\" style=\"color:#55667e\">\u00c9 aquela em que <strong>os pais dividem a responsabilidade legal e os cuidados com os filhos. <\/strong>Nessa modalidade, \u00e9 importante manter a harmonia na rela\u00e7\u00e3o entre os pais, para que a decis\u00e3o em rela\u00e7\u00e3o aos filhos possa ser tomada de forma conjunta.<\/p>\n\n\n\n<h5 class=\"wp-block-heading\">Guarda Unilateral<\/h5>\n\n\n\n<p class=\"has-text-color\" style=\"color:#55667e\">\u00c9 a forma de guarda em que <strong>um dos pais tem a responsabilidade legal e os cuidados exclusivos com os filhos. <\/strong>Essa modalidade \u00e9 adotada quando <strong>um dos pais n\u00e3o pode assumir suas obriga\u00e7\u00f5es parentais ou quando h\u00e1 um risco para a crian\u00e7a<\/strong> na conviv\u00eancia com um dos genitores.<\/p>\n\n\n\n<h5 class=\"wp-block-heading\">Visita\u00e7\u00e3o: Direito e Dever dos Pais e Formas de Regulamenta\u00e7\u00e3o<\/h5>\n\n\n\n<p class=\"has-text-color\" style=\"color:#55667e\">Direito b\u00e1sico dos filhos, <strong>a visita\u00e7\u00e3o deve ser exercida regularmente <\/strong>e de forma ordenada. Os pais t\u00eam o dever de garantir um ambiente saud\u00e1vel para as visitas e uma conviv\u00eancia pac\u00edfica entre eles.<\/p>\n\n\n\n<h5 class=\"wp-block-heading\">Formas de Regulamenta\u00e7\u00e3o<\/h5>\n\n\n\n<p class=\"has-text-color\" style=\"color:#55667e\"><strong>A visita\u00e7\u00e3o pode ser negociada extrajudicialmente ou regulamentada por meio de a\u00e7\u00e3o judicial. <\/strong>O acordo deve levar em conta o melhor interesse dos filhos, mas tamb\u00e9m o direito dos pais.<\/p>\n\n\n\n<h5 class=\"wp-block-heading\">Direito dos Filhos<\/h5>\n\n\n\n<p class=\"has-text-color\" style=\"color:#55667e\"><strong>Os filhos t\u00eam o direito de conviver com ambos os pais,<\/strong> exceto em casos em que essa conviv\u00eancia seja prejudicial ao desenvolvimento f\u00edsico ou mental dos mesmos.<\/p>\n\n\n\n<h5 class=\"wp-block-heading\">Media\u00e7\u00e3o e Concilia\u00e7\u00e3o: Alternativas \u00e0 Judicializa\u00e7\u00e3o das Quest\u00f5es Familiares<\/h5>\n\n\n\n<p class=\"has-text-color\" style=\"color:#55667e\">A media\u00e7\u00e3o e concilia\u00e7\u00e3o s\u00e3o formas de solu\u00e7\u00e3o consensual de conflitos, em que as partes s\u00e3o incentivadas a buscar o consenso para a solu\u00e7\u00e3o dos conflitos surgidos nas esferas pessoal, familiar e empresarial. Em ambas, as partes s\u00e3o assistidas por um mediador, cujo objetivo \u00e9 conduzir as partes \u00e0 um acordo.<\/p>\n\n\n\n<h5 class=\"wp-block-heading\">A\u00e7\u00f5es Judiciais Relacionadas \u00e0 Pens\u00e3o Aliment\u00edcia, Guarda e Visitas<\/h5>\n\n\n\n<p class=\"has-text-color\" style=\"color:#55667e\">H\u00e1 casos em que a solu\u00e7\u00e3o do conflito precisa ser buscada por meio de a\u00e7\u00f5es judiciais, como nas situa\u00e7\u00f5es em que uma das partes se recusa a pagar a pens\u00e3o aliment\u00edcia ou viola direitos de guarda ou visita\u00e7\u00e3o.<\/p>\n\n\n\n<figure class=\"wp-block-table is-style-stripes\"><table class=\"has-fixed-layout\"><tbody><tr><td><strong>Crime<\/strong><\/td><td><strong>O que \u00e9?<\/strong><\/td><\/tr><tr><td>A\u00e7\u00e3o de Div\u00f3rcio<\/td><td>A\u00e7\u00e3o usada para dissolver matrim\u00f4nios<\/td><\/tr><tr><td>A\u00e7\u00e3o de Alimentos<\/td><td>A\u00e7\u00e3o usada para cobrar pens\u00e3o aliment\u00edcia<\/td><\/tr><tr><td>Execu\u00e7\u00e3o de Alimentos<\/td><td>A\u00e7\u00e3o usada quando h\u00e1 inadimpl\u00eancia na pens\u00e3o aliment\u00edcia<\/td><\/tr><tr><td>A\u00e7\u00e3o de Guarda<\/td><td>A\u00e7\u00e3o usada para estabelecer quem ficar\u00e1 respons\u00e1vel pela guarda de filhos menores de idade<\/td><\/tr><tr><td>A\u00e7\u00e3o de Regulamenta\u00e7\u00e3o de Visitas<\/td><td>A\u00e7\u00e3o usada para estabelecer o direito de visita\u00e7\u00e3o<\/td><\/tr><\/tbody><\/table><\/figure>\n\n\n\n<h5 class=\"wp-block-heading\">Direitos dos av\u00f3s em rela\u00e7\u00e3o aos netos<\/h5>\n\n\n\n<p class=\"has-text-color\" style=\"color:#55667e\">Os av\u00f3s t\u00eam direitos reconhecidos pela lei em rela\u00e7\u00e3o aos seus netos, especialmente naqueles casos em que os pais das crian\u00e7as n\u00e3o s\u00e3o capazes<br>de exercer suas obriga\u00e7\u00f5es em rela\u00e7\u00e3o aos filhos.<\/p>\n\n\n\n<h5 class=\"wp-block-heading\">Pens\u00e3o Aliment\u00edcia<\/h5>\n\n\n\n<p class=\"has-text-color\" style=\"color:#55667e\">Os av\u00f3s podem ser chamados a pagar pens\u00e3o aliment\u00edcia para os netos quando os pais n\u00e3o t\u00eam condi\u00e7\u00f5es de faz\u00ea-lo.<\/p>\n\n\n\n<h5 class=\"wp-block-heading\">Conviv\u00eancia<\/h5>\n\n\n\n<p class=\"has-text-color\" style=\"color:#55667e\">Os av\u00f3s t\u00eam o direito de conviver com seus netos, garantindo-lhes um ambiente de afeto e carinho.<\/p>\n\n\n\n<h5 class=\"wp-block-heading\">Guarda<\/h5>\n\n\n\n<p class=\"has-text-color\" style=\"color:#55667e\">Os av\u00f3s podem requerer a guarda dos netos em casos excepcionais, como em situa\u00e7\u00f5es em que os pais n\u00e3o est\u00e3o em condi\u00e7\u00f5es de cuidar dos filhos, ou em casos de perigo iminente para as crian\u00e7as.<\/p>\n\n\n\n<h5 class=\"wp-block-heading\">Considera\u00e7\u00f5es finais e dicas para lidar com quest\u00f5es familiares em direito civil<\/h5>\n\n\n\n<p class=\"has-text-color\" style=\"color:#55667e\">\u00c9 fundamental buscar harmonia e solu\u00e7\u00f5es consensuais sempre que poss\u00edvel, considerando o objetivo comum de garantir o bem-estar dos envolvidos.<\/p>\n\n\n\n<figure class=\"wp-block-image size-full\"><img decoding=\"async\" width=\"582\" height=\"240\" src=\"https:\/\/santoseurel.com\/blog\/wp-content\/uploads\/2023\/08\/image.png\" alt=\"\" class=\"wp-image-1313\" srcset=\"https:\/\/santoseurel.com\/blog\/wp-content\/uploads\/2023\/08\/image.png 582w, https:\/\/santoseurel.com\/blog\/wp-content\/uploads\/2023\/08\/image-300x124.png 300w\" sizes=\"(max-width: 582px) 100vw, 582px\" \/><\/figure>\n\n\n\n<p class=\"has-text-color\" style=\"color:#55667e\">Em casos de conflito, buscar \u00e0 orienta\u00e7\u00e3o de um profissional especializado em direito de fam\u00edlia \u00e9 a melhor forma de garantir seus direitos e interesses quanto \u00e0s quest\u00f5es legais.<\/p>\n","protected":false},"excerpt":{"rendered":"<p>Santos &amp; Urel advogados | 07 de agosto \u00e0s 13:00 Direito da fam\u00edlia: Pens\u00e3o aliment\u00edcia, guarda e visitas As quest\u00f5es familiares relacionadas \u00e0 pens\u00e3o aliment\u00edcia, guarda e visita\u00e7\u00e3o podem ser desafiadoras e nos colocam diante de conflitos que exigem solu\u00e7\u00f5es adequadas aos nossos aspectos legais. Neste artigo, vamos discutir os principais temas para que voc\u00ea &hellip;<\/p>\n<p class=\"read-more\"> <a class=\"\" href=\"https:\/\/santoseurel.com\/blog\/direito-de-familia-pensao-alimenticia-guarda-e-visitas\/\"> <span class=\"screen-reader-text\">Direito de Fam\u00edlia: Pens\u00e3o Aliment\u00edcia, Guarda e Visitas<\/span> Leia mais &raquo;<\/a><\/p>\n","protected":false},"author":1,"featured_media":1315,"comment_status":"open","ping_status":"open","sticky":false,"template":"","format":"standard","meta":{"inline_featured_image":false,"site-sidebar-layout":"default","site-content-layout":"default","ast-global-header-display":"","ast-banner-title-visibility":"","ast-main-header-display":"","ast-hfb-above-header-display":"","ast-hfb-below-header-display":"","ast-hfb-mobile-header-display":"","site-post-title":"","ast-breadcrumbs-content":"","ast-featured-img":"","footer-sml-layout":"","theme-transparent-header-meta":"","adv-header-id-meta":"","stick-header-meta":"","header-above-stick-meta":"","header-main-stick-meta":"","header-below-stick-meta":"","footnotes":""},"categories":[15],"tags":[],"class_list":["post-1295","post","type-post","status-publish","format-standard","has-post-thumbnail","hentry","category-direito-da-familia"],"_links":{"self":[{"href":"https:\/\/santoseurel.com\/blog\/wp-json\/wp\/v2\/posts\/1295","targetHints":{"allow":["GET"]}}],"collection":[{"href":"https:\/\/santoseurel.com\/blog\/wp-json\/wp\/v2\/posts"}],"about":[{"href":"https:\/\/santoseurel.com\/blog\/wp-json\/wp\/v2\/types\/post"}],"author":[{"embeddable":true,"href":"https:\/\/santoseurel.com\/blog\/wp-json\/wp\/v2\/users\/1"}],"replies":[{"embeddable":true,"href":"https:\/\/santoseurel.com\/blog\/wp-json\/wp\/v2\/comments?post=1295"}],"version-history":[{"count":19,"href":"https:\/\/santoseurel.com\/blog\/wp-json\/wp\/v2\/posts\/1295\/revisions"}],"predecessor-version":[{"id":1322,"href":"https:\/\/santoseurel.com\/blog\/wp-json\/wp\/v2\/posts\/1295\/revisions\/1322"}],"wp:featuredmedia":[{"embeddable":true,"href":"https:\/\/santoseurel.com\/blog\/wp-json\/wp\/v2\/media\/1315"}],"wp:attachment":[{"href":"https:\/\/santoseurel.com\/blog\/wp-json\/wp\/v2\/media?parent=1295"}],"wp:term":[{"taxonomy":"category","embeddable":true,"href":"https:\/\/santoseurel.com\/blog\/wp-json\/wp\/v2\/categories?post=1295"},{"taxonomy":"post_tag","embeddable":true,"href":"https:\/\/santoseurel.com\/blog\/wp-json\/wp\/v2\/tags?post=1295"}],"curies":[{"name":"wp","href":"https:\/\/api.w.org\/{rel}","templated":true}]}}