{"id":1866,"date":"2024-09-23T07:00:20","date_gmt":"2024-09-23T10:00:20","guid":{"rendered":"https:\/\/santoseurel.com\/blog\/?p=1866"},"modified":"2024-09-22T18:27:52","modified_gmt":"2024-09-22T21:27:52","slug":"direitos-de-filiacao-e-adocao-no-brasil-um-guia-completo","status":"publish","type":"post","link":"https:\/\/santoseurel.com\/blog\/direitos-de-filiacao-e-adocao-no-brasil-um-guia-completo\/","title":{"rendered":"Direitos de Filia\u00e7\u00e3o e Ado\u00e7\u00e3o no Brasil: Um guia completo"},"content":{"rendered":"\n<p><mark style=\"background-color:rgba(0, 0, 0, 0);color:#bb8704\" class=\"has-inline-color\"><mark style=\"background-color:rgba(0, 0, 0, 0);color:#bb8704\" class=\"has-inline-color\"><mark style=\"background-color:rgba(0, 0, 0, 0);color:#bb8704\" class=\"has-inline-color\"><mark style=\"background-color:rgba(0, 0, 0, 0);color:#bb8704\" class=\"has-inline-color\"><mark style=\"background-color:rgba(0, 0, 0, 0);color:#bb8704\" class=\"has-inline-color\"><mark style=\"background-color:rgba(0, 0, 0, 0);color:#bb8704\" class=\"has-inline-color\"><mark style=\"background-color:rgba(0, 0, 0, 0);color:#bb8704\" class=\"has-inline-color\"><mark style=\"background-color:rgba(0, 0, 0, 0);color:#bb8704\" class=\"has-inline-color\"><strong>Santos &amp; Urel advogados<\/strong> | 23 de setembro de 2024 \u00e0s 07:00 <\/mark><\/mark><\/mark><\/mark><\/mark><\/mark><\/mark><\/mark><\/p>\n\n\n\n<figure class=\"wp-block-image size-full\"><img fetchpriority=\"high\" decoding=\"async\" width=\"750\" height=\"292\" src=\"https:\/\/santoseurel.com\/blog\/wp-content\/uploads\/2024\/09\/BPRINCIPAL-23.09.24.webp\" alt=\"\" class=\"wp-image-1874\" srcset=\"https:\/\/santoseurel.com\/blog\/wp-content\/uploads\/2024\/09\/BPRINCIPAL-23.09.24.webp 750w, https:\/\/santoseurel.com\/blog\/wp-content\/uploads\/2024\/09\/BPRINCIPAL-23.09.24-300x117.webp 300w\" sizes=\"(max-width: 750px) 100vw, 750px\" \/><\/figure>\n\n\n\n<p>No Brasil, os direitos de filia\u00e7\u00e3o e ado\u00e7\u00e3o est\u00e3o fundamentados em princ\u00edpios legais que asseguram a prote\u00e7\u00e3o da fam\u00edlia e o bem-estar da crian\u00e7a. A filia\u00e7\u00e3o, seja biol\u00f3gica ou adotiva, garante uma s\u00e9rie de direitos aos filhos, incluindo o acesso \u00e0 heran\u00e7a, ao nome dos pais e \u00e0 conviv\u00eancia familiar. A ado\u00e7\u00e3o, por sua vez, \u00e9 um processo que cria v\u00ednculos jur\u00eddicos entre adotante e adotado, equiparando os direitos dos filhos biol\u00f3gicos e adotivos. Este artigo explora detalhadamente esses direitos e o processo de ado\u00e7\u00e3o, al\u00e9m de destacar a import\u00e2ncia do acompanhamento jur\u00eddico especializado.<\/p>\n\n\n\n<h2 class=\"wp-block-heading\"><strong>Direitos de Filia\u00e7\u00e3o<\/strong><\/h2>\n\n\n\n<h4 class=\"wp-block-heading\">Filia\u00e7\u00e3o Biol\u00f3gica e Igualdade de Direitos<\/h4>\n\n\n\n<p>No Brasil, a Constitui\u00e7\u00e3o Federal de 1988 estabelece que todos os filhos, sejam eles nascidos dentro ou fora do casamento, t\u00eam os mesmos direitos. Essa equipara\u00e7\u00e3o \u00e9 crucial para garantir que n\u00e3o haja discrimina\u00e7\u00e3o com base na origem da filia\u00e7\u00e3o. Entre os principais direitos assegurados pela filia\u00e7\u00e3o biol\u00f3gica est\u00e3o:<\/p>\n\n\n\n<p>Direito \u00e0 Heran\u00e7a: Filhos biol\u00f3gicos t\u00eam direito a receber heran\u00e7a dos pais, em igualdade de condi\u00e7\u00f5es com outros herdeiros.<\/p>\n\n\n\n<p>Direito ao Sobrenome: O filho tem o direito de utilizar o sobrenome de seus pais, o que \u00e9 formalizado no registro de nascimento.<\/p>\n\n\n\n<p>Direito \u00e0 Conviv\u00eancia Familiar: A lei garante ao filho o direito de conviver com ambos os pais, mesmo em casos de separa\u00e7\u00e3o, sendo o princ\u00edpio do melhor interesse da crian\u00e7a o guia para decis\u00f5es de guarda e conviv\u00eancia.<\/p>\n\n\n\n<h4 class=\"wp-block-heading\">Reconhecimento de Paternidade<\/h4>\n\n\n\n<p>O reconhecimento de paternidade pode ocorrer de forma volunt\u00e1ria ou ser requerido judicialmente. No reconhecimento volunt\u00e1rio, o pai biol\u00f3gico registra espontaneamente o filho em cart\u00f3rio. Quando h\u00e1 d\u00favidas ou nega\u00e7\u00e3o da paternidade, a m\u00e3e ou o pr\u00f3prio filho podem ingressar com uma a\u00e7\u00e3o de investiga\u00e7\u00e3o de paternidade.<\/p>\n\n\n\n<p>A a\u00e7\u00e3o de investiga\u00e7\u00e3o de paternidade \u00e9 um processo judicial que visa estabelecer legalmente a filia\u00e7\u00e3o. A prova gen\u00e9tica (teste de DNA) \u00e9 frequentemente utilizada e possui alta precis\u00e3o, sendo decisiva para a confirma\u00e7\u00e3o da paternidade.<\/p>\n\n\n\n<h4 class=\"wp-block-heading\">Prote\u00e7\u00e3o Integral aos Filhos<\/h4>\n\n\n\n<p>O Estatuto da Crian\u00e7a e do Adolescente (ECA) assegura a prote\u00e7\u00e3o integral de crian\u00e7as e adolescentes, abrangendo direitos como sa\u00fade, educa\u00e7\u00e3o, conviv\u00eancia familiar, e prote\u00e7\u00e3o contra qualquer forma de viol\u00eancia ou neglig\u00eancia. A responsabilidade pelo cumprimento desses direitos \u00e9 compartilhada entre a fam\u00edlia, a sociedade e o Estado.<\/p>\n\n\n\n<h2 class=\"wp-block-heading\"><strong>Ado\u00e7\u00e3o no Brasil<\/strong><\/h2>\n\n\n\n<h4 class=\"wp-block-heading\">Requisitos Legais para Ado\u00e7\u00e3o<\/h4>\n\n\n\n<p>A ado\u00e7\u00e3o no Brasil \u00e9 um processo criterioso, regulado por leis que buscam assegurar o melhor interesse da crian\u00e7a. Para adotar, a pessoa deve atender aos seguintes requisitos:<\/p>\n\n\n\n<p>Idade M\u00ednima: O adotante deve ter, no m\u00ednimo, 18 anos de idade e ser, no m\u00ednimo, 16 anos mais velho que o adotado.<\/p>\n\n\n\n<p>Estado Civil: Tanto pessoas solteiras quanto casais, casados ou em uni\u00e3o est\u00e1vel, podem adotar. O importante \u00e9 que os adotantes possuam condi\u00e7\u00f5es morais, sociais e psicol\u00f3gicas para exercer a paternidade ou maternidade.<\/p>\n\n\n\n<p>Capacidade Psicol\u00f3gica e Social: A aptid\u00e3o para adotar \u00e9 verificada por meio de entrevistas e avalia\u00e7\u00f5es psicossociais realizadas por uma equipe t\u00e9cnica durante o processo de habilita\u00e7\u00e3o para ado\u00e7\u00e3o.<\/p>\n\n\n\n<h2 class=\"wp-block-heading\"><strong>O Processo de Ado\u00e7\u00e3o<\/strong><\/h2>\n\n\n\n<h4 class=\"wp-block-heading\">O processo de ado\u00e7\u00e3o segue diversas etapas, sendo as principais:<\/h4>\n\n\n\n<p>Cadastro Nacional de Ado\u00e7\u00e3o: Os interessados devem se cadastrar no Sistema Nacional de Ado\u00e7\u00e3o e Acolhimento (SNA), gerenciado pelo Conselho Nacional de Justi\u00e7a (CNJ).<\/p>\n\n\n\n<p>Habilita\u00e7\u00e3o: Inclui a participa\u00e7\u00e3o em cursos preparat\u00f3rios, entrevistas, visitas domiciliares e avalia\u00e7\u00f5es psicossociais. Ap\u00f3s essa etapa, o candidato \u00e9 considerado habilitado e entra na fila de espera por uma crian\u00e7a compat\u00edvel.<\/p>\n\n\n\n<p>Per\u00edodo de Conviv\u00eancia: Ap\u00f3s a indica\u00e7\u00e3o de uma crian\u00e7a, ocorre um per\u00edodo de conviv\u00eancia supervisionado para avaliar a adapta\u00e7\u00e3o entre a crian\u00e7a e os adotantes.<\/p>\n\n\n\n<p>Ado\u00e7\u00e3o Judicial: Com a aprova\u00e7\u00e3o do per\u00edodo de conviv\u00eancia, o juiz expede a senten\u00e7a de ado\u00e7\u00e3o, que concede ao adotado todos os direitos de um filho biol\u00f3gico.<\/p>\n\n\n\n<h4 class=\"wp-block-heading\">Efeitos Jur\u00eddicos da Ado\u00e7\u00e3o<\/h4>\n\n\n\n<p>A ado\u00e7\u00e3o, uma vez conclu\u00edda, \u00e9 irrevog\u00e1vel e cria um v\u00ednculo jur\u00eddico definitivo entre o adotante e o adotado. Isso significa que o adotado passa a ter os mesmos direitos de um filho biol\u00f3gico, incluindo:<\/p>\n\n\n\n<p>Direito \u00e0 Heran\u00e7a: O adotado tem direito \u00e0 heran\u00e7a de seus pais adotivos, em igualdade de condi\u00e7\u00f5es com os filhos biol\u00f3gicos.<\/p>\n\n\n\n<p>Direito ao Nome: A crian\u00e7a adotada passa a usar o sobrenome da nova fam\u00edlia, o que simboliza a cria\u00e7\u00e3o do novo v\u00ednculo familiar.<\/p>\n\n\n\n<p>Extin\u00e7\u00e3o de V\u00ednculos Anteriores: Salvo em casos de ado\u00e7\u00e3o por parentes, os v\u00ednculos jur\u00eddicos do adotado com sua fam\u00edlia biol\u00f3gica s\u00e3o extintos ap\u00f3s a ado\u00e7\u00e3o.<\/p>\n\n\n\n<h4 class=\"wp-block-heading\"><strong>Ado\u00e7\u00e3o Homoafetiva<\/strong><\/h4>\n\n\n\n<p>Desde 2011, o Supremo Tribunal Federal (STF) reconheceu o direito de casais homoafetivos \u00e0 ado\u00e7\u00e3o no Brasil. A ado\u00e7\u00e3o por casais do mesmo sexo segue os mesmos procedimentos e crit\u00e9rios estabelecidos para casais heterossexuais, garantindo igualdade de direitos e deveres. No entanto, apesar dos avan\u00e7os legais, os casais homoafetivos ainda enfrentam desafios sociais e preconceitos, que tornam o acompanhamento jur\u00eddico especializado ainda mais importante.<\/p>\n\n\n\n<h4 class=\"wp-block-heading\"><strong>Import\u00e2ncia da Assessoria Jur\u00eddica na Filia\u00e7\u00e3o e Ado\u00e7\u00e3o<\/strong><\/h4>\n\n\n\n<p>Os processos de filia\u00e7\u00e3o e ado\u00e7\u00e3o envolvem n\u00e3o apenas aspectos emocionais, mas tamb\u00e9m complexidades jur\u00eddicas que exigem uma an\u00e1lise cuidadosa e orientada por um profissional do direito. A orienta\u00e7\u00e3o de um advogado especializado \u00e9 essencial para garantir que todos os procedimentos sejam conduzidos conforme a lei, minimizando riscos e assegurando que os direitos das crian\u00e7as e dos pais sejam plenamente respeitados.<\/p>\n\n\n\n<p>\ud83d\udcde Se voc\u00ea est\u00e1 enfrentando quest\u00f5es relacionadas \u00e0 filia\u00e7\u00e3o ou considerando a ado\u00e7\u00e3o, \u00e9 crucial contar com o suporte jur\u00eddico adequado. N\u00f3s do Santos &amp; Urel Advogados, oferecemos a expertise necess\u00e1ria para gui\u00e1-lo em cada etapa do processo, assegurando que seus direitos sejam protegidos e que todas as decis\u00f5es sejam tomadas com seguran\u00e7a e embasamento legal.<\/p>\n\n\n\n<p><strong>Entre em contato conosco<\/strong> e garanta que cada passo seja dado com a orienta\u00e7\u00e3o de profissionais comprometidos com o seu bem-estar e o de sua fam\u00edlia. <\/p>\n","protected":false},"excerpt":{"rendered":"<p>Santos &amp; Urel advogados | 23 de setembro de 2024 \u00e0s 07:00 No Brasil, os direitos de filia\u00e7\u00e3o e ado\u00e7\u00e3o est\u00e3o fundamentados em princ\u00edpios legais que asseguram a prote\u00e7\u00e3o da fam\u00edlia e o bem-estar da crian\u00e7a. A filia\u00e7\u00e3o, seja biol\u00f3gica ou adotiva, garante uma s\u00e9rie de direitos aos filhos, incluindo o acesso \u00e0 heran\u00e7a, ao &hellip;<\/p>\n<p class=\"read-more\"> <a class=\"\" href=\"https:\/\/santoseurel.com\/blog\/direitos-de-filiacao-e-adocao-no-brasil-um-guia-completo\/\"> <span class=\"screen-reader-text\">Direitos de Filia\u00e7\u00e3o e Ado\u00e7\u00e3o no Brasil: Um guia completo<\/span> Leia mais &raquo;<\/a><\/p>\n","protected":false},"author":1,"featured_media":1874,"comment_status":"open","ping_status":"open","sticky":false,"template":"","format":"standard","meta":{"inline_featured_image":false,"site-sidebar-layout":"default","site-content-layout":"default","ast-global-header-display":"","ast-banner-title-visibility":"","ast-main-header-display":"","ast-hfb-above-header-display":"","ast-hfb-below-header-display":"","ast-hfb-mobile-header-display":"","site-post-title":"","ast-breadcrumbs-content":"","ast-featured-img":"","footer-sml-layout":"","theme-transparent-header-meta":"","adv-header-id-meta":"","stick-header-meta":"","header-above-stick-meta":"","header-main-stick-meta":"","header-below-stick-meta":"","footnotes":""},"categories":[3],"tags":[],"class_list":["post-1866","post","type-post","status-publish","format-standard","has-post-thumbnail","hentry","category-direito-civil"],"_links":{"self":[{"href":"https:\/\/santoseurel.com\/blog\/wp-json\/wp\/v2\/posts\/1866","targetHints":{"allow":["GET"]}}],"collection":[{"href":"https:\/\/santoseurel.com\/blog\/wp-json\/wp\/v2\/posts"}],"about":[{"href":"https:\/\/santoseurel.com\/blog\/wp-json\/wp\/v2\/types\/post"}],"author":[{"embeddable":true,"href":"https:\/\/santoseurel.com\/blog\/wp-json\/wp\/v2\/users\/1"}],"replies":[{"embeddable":true,"href":"https:\/\/santoseurel.com\/blog\/wp-json\/wp\/v2\/comments?post=1866"}],"version-history":[{"count":3,"href":"https:\/\/santoseurel.com\/blog\/wp-json\/wp\/v2\/posts\/1866\/revisions"}],"predecessor-version":[{"id":1875,"href":"https:\/\/santoseurel.com\/blog\/wp-json\/wp\/v2\/posts\/1866\/revisions\/1875"}],"wp:featuredmedia":[{"embeddable":true,"href":"https:\/\/santoseurel.com\/blog\/wp-json\/wp\/v2\/media\/1874"}],"wp:attachment":[{"href":"https:\/\/santoseurel.com\/blog\/wp-json\/wp\/v2\/media?parent=1866"}],"wp:term":[{"taxonomy":"category","embeddable":true,"href":"https:\/\/santoseurel.com\/blog\/wp-json\/wp\/v2\/categories?post=1866"},{"taxonomy":"post_tag","embeddable":true,"href":"https:\/\/santoseurel.com\/blog\/wp-json\/wp\/v2\/tags?post=1866"}],"curies":[{"name":"wp","href":"https:\/\/api.w.org\/{rel}","templated":true}]}}