{"id":2063,"date":"2025-04-21T19:35:09","date_gmt":"2025-04-21T22:35:09","guid":{"rendered":"https:\/\/santoseurel.com\/blog\/?p=2063"},"modified":"2025-04-21T19:41:58","modified_gmt":"2025-04-21T22:41:58","slug":"danos-morais-e-indenizacoes-como-provar-e-garantir-seus-direitos","status":"publish","type":"post","link":"https:\/\/santoseurel.com\/blog\/danos-morais-e-indenizacoes-como-provar-e-garantir-seus-direitos\/","title":{"rendered":"Dan\u200bos morais e indeniza\u00e7\u00f5es: Como provar e garantir seus direitos"},"content":{"rendered":"\n<figure class=\"wp-block-image size-full\"><img fetchpriority=\"high\" decoding=\"async\" width=\"750\" height=\"292\" src=\"https:\/\/santoseurel.com\/blog\/wp-content\/uploads\/2025\/04\/BPRINCIPAL-21.04.webp\" alt=\"\" class=\"wp-image-2068\" srcset=\"https:\/\/santoseurel.com\/blog\/wp-content\/uploads\/2025\/04\/BPRINCIPAL-21.04.webp 750w, https:\/\/santoseurel.com\/blog\/wp-content\/uploads\/2025\/04\/BPRINCIPAL-21.04-300x117.webp 300w\" sizes=\"(max-width: 750px) 100vw, 750px\" \/><\/figure>\n\n\n\n<p>As a\u00e7\u00f5es judiciais por danos morais se tornaram cada vez mais comuns na Justi\u00e7a brasileira, mas nem todos compreendem exatamente o que caracteriza esse tipo de viola\u00e7\u00e3o, como funciona o processo de indeniza\u00e7\u00e3o e, principalmente, o que \u00e9 necess\u00e1rio para comprovar o dano e garantir os pr\u00f3prios direitos.<\/p>\n\n\n\n<p>Neste artigo, abordamos o que a lei prev\u00ea, como a jurisprud\u00eancia se comporta e quais estrat\u00e9gias podem ser adotadas para buscar uma repara\u00e7\u00e3o justa.<\/p>\n\n\n\n<hr class=\"wp-block-separator has-alpha-channel-opacity\"\/>\n\n\n\n<h3 class=\"wp-block-heading\"><strong>\ud83d\udccc O que s\u00e3o danos morais e quando cabem indeniza\u00e7\u00e3o<\/strong><\/h3>\n\n\n\n<p>O dano moral \u00e9 um preju\u00edzo de ordem subjetiva causado \u00e0 dignidade, \u00e0 honra, \u00e0 imagem ou \u00e0 esfera \u00edntima da pessoa, ainda que n\u00e3o haja dano patrimonial. Ele est\u00e1 previsto no artigo 5\u00ba, inciso X, da Constitui\u00e7\u00e3o Federal:<\/p>\n\n\n\n<p><em>\u201cS\u00e3o inviol\u00e1veis a intimidade, a vida privada, a honra e a imagem das pessoas, assegurado o direito \u00e0 indeniza\u00e7\u00e3o pelo dano material ou moral decorrente de sua viola\u00e7\u00e3o.\u201d<\/em><\/p>\n\n\n\n<p>Al\u00e9m disso, o C\u00f3digo Civil, em seu artigo 186, refor\u00e7a o dever de repara\u00e7\u00e3o:<\/p>\n\n\n\n<p><em>&#8220;Aquele que, por a\u00e7\u00e3o ou omiss\u00e3o volunt\u00e1ria, neglig\u00eancia ou imprud\u00eancia, violar direito e causar dano a outrem, ainda que exclusivamente moral, comete ato il\u00edcito.&#8221;<\/em><\/p>\n\n\n\n<p>\u00c9 importante destacar que nem todo aborrecimento enseja dano moral. A jurisprud\u00eancia brasileira tem evolu\u00eddo para coibir banaliza\u00e7\u00f5es e busca diferenciar <strong>meros dissabores<\/strong> de les\u00f5es efetivas \u00e0 dignidade da pessoa.<\/p>\n\n\n\n<hr class=\"wp-block-separator has-alpha-channel-opacity\"\/>\n\n\n\n<h3 class=\"wp-block-heading\"><strong>\u2696\ufe0f Crit\u00e9rios jur\u00eddicos para a indeniza\u00e7\u00e3o: Como a Justi\u00e7a decide<\/strong><\/h3>\n\n\n\n<p>Para que uma indeniza\u00e7\u00e3o por dano moral seja devida, tr\u00eas elementos devem estar presentes:<\/p>\n\n\n\n<ol class=\"wp-block-list\">\n<li><strong>Ato il\u00edcito<\/strong> \u2013 A\u00e7\u00e3o ou omiss\u00e3o contr\u00e1ria ao direito;<br><\/li>\n\n\n\n<li><strong>Dano moral efetivo<\/strong> \u2013 Preju\u00edzo \u00e0 esfera \u00edntima da v\u00edtima, com repercuss\u00f5es emocionais ou ps\u00edquicas;<br><\/li>\n\n\n\n<li><strong>Nexo de causalidade<\/strong> \u2013 Liga\u00e7\u00e3o entre o ato e o preju\u00edzo sofrido.<br><\/li>\n<\/ol>\n\n\n\n<p>O valor da indeniza\u00e7\u00e3o ser\u00e1 fixado pelo juiz com base em crit\u00e9rios como:<\/p>\n\n\n\n<ul class=\"wp-block-list\">\n<li>A gravidade do dano;<br><\/li>\n\n\n\n<li>A intensidade da dor ou humilha\u00e7\u00e3o sofrida;<br><\/li>\n\n\n\n<li>A repercuss\u00e3o social do fato;<br><\/li>\n\n\n\n<li>A condi\u00e7\u00e3o econ\u00f4mica do ofensor e da v\u00edtima (princ\u00edpio da razoabilidade);<br><\/li>\n\n\n\n<li>O efeito pedag\u00f3gico da puni\u00e7\u00e3o.<br><\/li>\n<\/ul>\n\n\n\n<p>Esses par\u00e2metros s\u00e3o aplicados para evitar tanto o enriquecimento il\u00edcito quanto a impunidade. Casos de ofensas p\u00fablicas, ass\u00e9dio moral no trabalho, exposi\u00e7\u00e3o vexat\u00f3ria ou falhas graves em servi\u00e7os essenciais s\u00e3o exemplos recorrentes na jurisprud\u00eancia.<\/p>\n\n\n\n<hr class=\"wp-block-separator has-alpha-channel-opacity\"\/>\n\n\n\n<h3 class=\"wp-block-heading\"><strong>\ud83d\udd0e Como reunir provas para garantir sua indeniza\u00e7\u00e3o<\/strong><\/h3>\n\n\n\n<p>Embora o dano moral seja imaterial, ele precisa ser <strong>comprovado<\/strong> de forma clara, ainda que indiretamente. Para isso, \u00e9 fundamental reunir elementos que indiquem a veracidade e a extens\u00e3o do preju\u00edzo. Entre os principais meios de prova est\u00e3o:<\/p>\n\n\n\n<ul class=\"wp-block-list\">\n<li><strong>Prints, e-mails, \u00e1udios, v\u00eddeos e mensagens<\/strong> que demonstrem a ofensa;<br><\/li>\n\n\n\n<li><strong>Testemunhas<\/strong> que presenciaram o fato ou seus efeitos;<br><\/li>\n\n\n\n<li><strong>Laudos psicol\u00f3gicos ou m\u00e9dicos<\/strong>, quando houver abalo emocional comprovado;<br><\/li>\n\n\n\n<li><strong>Boletins de ocorr\u00eancia<\/strong>, no caso de crimes;<br><\/li>\n\n\n\n<li><strong>Registros administrativos ou documentos legais<\/strong> que demonstrem a conduta il\u00edcita da parte adversa.<br><\/li>\n<\/ul>\n\n\n\n<p>A atua\u00e7\u00e3o de um advogado \u00e9 essencial para definir a estrat\u00e9gia e garantir que as provas sejam apresentadas de forma eficaz.<\/p>\n\n\n\n<hr class=\"wp-block-separator has-alpha-channel-opacity\"\/>\n\n\n\n<h3 class=\"wp-block-heading\"><strong>\ud83d\udcb0 Indeniza\u00e7\u00e3o por danos morais e materiais: O que o cliente precisa saber<\/strong><\/h3>\n\n\n\n<p>\u00c9 poss\u00edvel que uma \u00fanica situa\u00e7\u00e3o gere <strong>danos morais<\/strong> e <strong>danos materiais<\/strong> (financeiros). Por exemplo, em um caso de negativa\u00e7\u00e3o indevida do nome, a pessoa pode pleitear:<\/p>\n\n\n\n<ul class=\"wp-block-list\">\n<li>O ressarcimento de preju\u00edzos concretos, como juros de contratos cancelados (dano material);<br><\/li>\n\n\n\n<li>E a compensa\u00e7\u00e3o pelo constrangimento, ang\u00fastia e ofensa \u00e0 honra (dano moral).<br><\/li>\n<\/ul>\n\n\n\n<p>A jurisprud\u00eancia j\u00e1 reconhece a possibilidade de cumula\u00e7\u00e3o, conforme previsto no artigo 944 do C\u00f3digo Civil.<\/p>\n\n\n\n<hr class=\"wp-block-separator has-alpha-channel-opacity\"\/>\n\n\n\n<h3 class=\"wp-block-heading\"><strong>\ud83e\uddfe Precisa de advogado para entrar com a\u00e7\u00e3o por dano moral?<\/strong><\/h3>\n\n\n\n<p>Sim. Apesar de algumas causas de menor valor poderem ser apresentadas no Juizado Especial sem advogado (at\u00e9 20 sal\u00e1rios m\u00ednimos), a presen\u00e7a de um advogado <strong>\u00e9 sempre recomend\u00e1vel<\/strong> para garantir que os fundamentos jur\u00eddicos sejam corretamente apresentados e que o valor da causa seja bem estimado.<\/p>\n\n\n\n<p>Advogados especializados em Direito Civil sabem como montar um pedido embasado, demonstrando com clareza a exist\u00eancia do dano e sua repercuss\u00e3o na vida do cliente.<\/p>\n\n\n\n<hr class=\"wp-block-separator has-alpha-channel-opacity\"\/>\n\n\n\n<h3 class=\"wp-block-heading\"><strong>\u2705 Conclus\u00e3o<\/strong><\/h3>\n\n\n\n<p>A repara\u00e7\u00e3o por danos morais \u00e9 um direito garantido pela Constitui\u00e7\u00e3o e pelo C\u00f3digo Civil. No entanto, para exerc\u00ea-lo com sucesso, \u00e9 necess\u00e1rio apresentar fundamentos jur\u00eddicos s\u00f3lidos, provas consistentes e a condu\u00e7\u00e3o adequada do processo.<\/p>\n\n\n\n<p>Se voc\u00ea acredita ter sofrido um dano \u00e0 sua honra, imagem, intimidade ou dignidade, busque orienta\u00e7\u00e3o jur\u00eddica especializada.<\/p>\n\n\n\n<hr class=\"wp-block-separator has-alpha-channel-opacity\"\/>\n\n\n\n<h3 class=\"wp-block-heading\"><strong>\ud83d\udcbc Atendimento especializado em Direito Civil<\/strong><\/h3>\n\n\n\n<p>No escrit\u00f3rio <strong>Santos &amp; Urel Advogados<\/strong>, analisamos cada caso de forma estrat\u00e9gica, com seriedade e comprometimento. Atuamos com base na lei, na jurisprud\u00eancia atualizada e com foco em garantir os direitos dos nossos clientes.<\/p>\n\n\n\n<p><strong>Entre em contato conosco para uma an\u00e1lise individual do seu caso.<\/strong><\/p>\n","protected":false},"excerpt":{"rendered":"<p>As a\u00e7\u00f5es judiciais por danos morais se tornaram cada vez mais comuns na Justi\u00e7a brasileira, mas nem todos compreendem exatamente o que caracteriza esse tipo de viola\u00e7\u00e3o, como funciona o processo de indeniza\u00e7\u00e3o e, principalmente, o que \u00e9 necess\u00e1rio para comprovar o dano e garantir os pr\u00f3prios direitos. Neste artigo, abordamos o que a lei &hellip;<\/p>\n<p class=\"read-more\"> <a class=\"\" href=\"https:\/\/santoseurel.com\/blog\/danos-morais-e-indenizacoes-como-provar-e-garantir-seus-direitos\/\"> <span class=\"screen-reader-text\">Dan\u200bos morais e indeniza\u00e7\u00f5es: Como provar e garantir seus direitos<\/span> Leia mais &raquo;<\/a><\/p>\n","protected":false},"author":1,"featured_media":2068,"comment_status":"open","ping_status":"open","sticky":false,"template":"","format":"standard","meta":{"inline_featured_image":false,"site-sidebar-layout":"default","site-content-layout":"default","ast-global-header-display":"","ast-banner-title-visibility":"","ast-main-header-display":"","ast-hfb-above-header-display":"","ast-hfb-below-header-display":"","ast-hfb-mobile-header-display":"","site-post-title":"","ast-breadcrumbs-content":"","ast-featured-img":"","footer-sml-layout":"","theme-transparent-header-meta":"","adv-header-id-meta":"","stick-header-meta":"","header-above-stick-meta":"","header-main-stick-meta":"","header-below-stick-meta":"","footnotes":""},"categories":[3],"tags":[],"class_list":["post-2063","post","type-post","status-publish","format-standard","has-post-thumbnail","hentry","category-direito-civil"],"_links":{"self":[{"href":"https:\/\/santoseurel.com\/blog\/wp-json\/wp\/v2\/posts\/2063","targetHints":{"allow":["GET"]}}],"collection":[{"href":"https:\/\/santoseurel.com\/blog\/wp-json\/wp\/v2\/posts"}],"about":[{"href":"https:\/\/santoseurel.com\/blog\/wp-json\/wp\/v2\/types\/post"}],"author":[{"embeddable":true,"href":"https:\/\/santoseurel.com\/blog\/wp-json\/wp\/v2\/users\/1"}],"replies":[{"embeddable":true,"href":"https:\/\/santoseurel.com\/blog\/wp-json\/wp\/v2\/comments?post=2063"}],"version-history":[{"count":2,"href":"https:\/\/santoseurel.com\/blog\/wp-json\/wp\/v2\/posts\/2063\/revisions"}],"predecessor-version":[{"id":2069,"href":"https:\/\/santoseurel.com\/blog\/wp-json\/wp\/v2\/posts\/2063\/revisions\/2069"}],"wp:featuredmedia":[{"embeddable":true,"href":"https:\/\/santoseurel.com\/blog\/wp-json\/wp\/v2\/media\/2068"}],"wp:attachment":[{"href":"https:\/\/santoseurel.com\/blog\/wp-json\/wp\/v2\/media?parent=2063"}],"wp:term":[{"taxonomy":"category","embeddable":true,"href":"https:\/\/santoseurel.com\/blog\/wp-json\/wp\/v2\/categories?post=2063"},{"taxonomy":"post_tag","embeddable":true,"href":"https:\/\/santoseurel.com\/blog\/wp-json\/wp\/v2\/tags?post=2063"}],"curies":[{"name":"wp","href":"https:\/\/api.w.org\/{rel}","templated":true}]}}