{"id":2429,"date":"2026-05-01T18:43:09","date_gmt":"2026-05-01T21:43:09","guid":{"rendered":"https:\/\/santoseurel.com\/blog\/?p=2429"},"modified":"2026-05-01T18:48:28","modified_gmt":"2026-05-01T21:48:28","slug":"nome-negativado-indevidamente-quais-sao-seus-direitos","status":"publish","type":"post","link":"https:\/\/santoseurel.com\/blog\/nome-negativado-indevidamente-quais-sao-seus-direitos\/","title":{"rendered":"Nome negativado indevidamente: quais s\u00e3o seus direitos?"},"content":{"rendered":"\n<p>A inclus\u00e3o do nome em cadastros de inadimplentes \u00e9 uma pr\u00e1tica comum nas rela\u00e7\u00f5es de consumo, utilizada como forma de prote\u00e7\u00e3o ao cr\u00e9dito. No entanto, quando essa negativa\u00e7\u00e3o ocorre de forma indevida, ela pode gerar consequ\u00eancias jur\u00eddicas relevantes, especialmente no que diz respeito \u00e0 responsabiliza\u00e7\u00e3o civil e ao direito \u00e0 indeniza\u00e7\u00e3o.<\/p>\n\n\n\n<p>Situa\u00e7\u00f5es como cobran\u00e7a de d\u00edvida inexistente, erro no valor, manuten\u00e7\u00e3o indevida do registro ou aus\u00eancia de notifica\u00e7\u00e3o pr\u00e9via s\u00e3o exemplos frequentes que levam consumidores a terem seus nomes negativados de maneira irregular.<\/p>\n\n\n\n<h2 class=\"wp-block-heading\"><strong>Quando a negativa\u00e7\u00e3o \u00e9 considerada indevida<\/strong><\/h2>\n\n\n\n<p>A negativa\u00e7\u00e3o ser\u00e1 considerada indevida sempre que n\u00e3o houver base leg\u00edtima para a inscri\u00e7\u00e3o do nome do consumidor nos \u00f3rg\u00e3os de prote\u00e7\u00e3o ao cr\u00e9dito.<\/p>\n\n\n\n<p>Isso pode ocorrer, por exemplo, quando:<\/p>\n\n\n\n<ul class=\"wp-block-list\">\n<li>a d\u00edvida n\u00e3o existe<\/li>\n\n\n\n<li>a d\u00edvida j\u00e1 foi paga<\/li>\n\n\n\n<li>o valor est\u00e1 incorreto<\/li>\n\n\n\n<li>houve fraude<\/li>\n\n\n\n<li>o prazo legal para manuten\u00e7\u00e3o do registro foi ultrapassado<\/li>\n\n\n\n<li>n\u00e3o houve notifica\u00e7\u00e3o pr\u00e9via ao consumidor<\/li>\n<\/ul>\n\n\n\n<p>A aus\u00eancia de qualquer um desses elementos pode comprometer a validade da negativa\u00e7\u00e3o.<\/p>\n\n\n\n<h2 class=\"wp-block-heading\"><strong>A import\u00e2ncia da notifica\u00e7\u00e3o pr\u00e9via<\/strong><\/h2>\n\n\n\n<p>Um ponto essencial previsto no C\u00f3digo de Defesa do Consumidor \u00e9 a necessidade de comunica\u00e7\u00e3o pr\u00e9via antes da negativa\u00e7\u00e3o.<\/p>\n\n\n\n<p>O consumidor deve ser informado sobre a inscri\u00e7\u00e3o iminente, possibilitando a regulariza\u00e7\u00e3o da situa\u00e7\u00e3o antes que seu nome seja efetivamente inclu\u00eddo no cadastro.<\/p>\n\n\n\n<p>A aus\u00eancia dessa notifica\u00e7\u00e3o pode tornar a negativa\u00e7\u00e3o irregular, mesmo que exista uma d\u00edvida.<\/p>\n\n\n\n<h2 class=\"wp-block-heading\"><strong>Quais s\u00e3o os direitos do consumidor<\/strong><\/h2>\n\n\n\n<p>Diante de uma negativa\u00e7\u00e3o indevida, o consumidor possui alguns direitos importantes.<\/p>\n\n\n\n<p>O primeiro deles \u00e9 a retirada imediata do registro, uma vez comprovada a irregularidade.<\/p>\n\n\n\n<p>Al\u00e9m disso, \u00e9 poss\u00edvel buscar indeniza\u00e7\u00e3o por danos morais, especialmente quando a negativa\u00e7\u00e3o gera constrangimento, abalo \u00e0 reputa\u00e7\u00e3o ou dificuldades no acesso ao cr\u00e9dito.<\/p>\n\n\n\n<p>A jurisprud\u00eancia brasileira, de forma geral, reconhece que a inscri\u00e7\u00e3o indevida em cadastros restritivos pode configurar dano moral, inclusive sem a necessidade de comprova\u00e7\u00e3o detalhada do preju\u00edzo.<\/p>\n\n\n\n<h2 class=\"wp-block-heading\"><strong>Dano moral: quando \u00e9 poss\u00edvel<\/strong><\/h2>\n\n\n\n<p>O dano moral, nesses casos, est\u00e1 relacionado \u00e0 viola\u00e7\u00e3o da honra e da reputa\u00e7\u00e3o do consumidor.<\/p>\n\n\n\n<p>Ter o nome negativado injustamente pode impactar diretamente a vida financeira e pessoal, gerando situa\u00e7\u00f5es de constrangimento e restri\u00e7\u00e3o indevida de cr\u00e9dito.<\/p>\n\n\n\n<p>No entanto, a an\u00e1lise depende do caso concreto. Situa\u00e7\u00f5es como a exist\u00eancia de outras negativa\u00e7\u00f5es leg\u00edtimas podem influenciar o entendimento judicial sobre o direito \u00e0 indeniza\u00e7\u00e3o.<\/p>\n\n\n\n<h2 class=\"wp-block-heading\"><strong>Como agir na pr\u00e1tica<\/strong><\/h2>\n\n\n\n<p>Ao identificar uma negativa\u00e7\u00e3o indevida, \u00e9 importante reunir documentos que comprovem a irregularidade, como comprovantes de pagamento, contratos ou comunica\u00e7\u00f5es com a empresa.<\/p>\n\n\n\n<p>O consumidor pode buscar a solu\u00e7\u00e3o diretamente com a empresa respons\u00e1vel ou recorrer aos \u00f3rg\u00e3os de defesa do consumidor.<\/p>\n\n\n\n<p>Caso n\u00e3o haja resolu\u00e7\u00e3o, \u00e9 poss\u00edvel ingressar com a\u00e7\u00e3o judicial para a retirada da negativa\u00e7\u00e3o e eventual indeniza\u00e7\u00e3o.<\/p>\n\n\n\n<h2 class=\"wp-block-heading\"><strong>Conclus\u00e3o<\/strong><\/h2>\n\n\n\n<p>A negativa\u00e7\u00e3o indevida \u00e9 uma situa\u00e7\u00e3o que vai al\u00e9m de um simples erro administrativo. Ela pode gerar consequ\u00eancias jur\u00eddicas relevantes e afetar diretamente a vida do consumidor.<\/p>\n\n\n\n<p>Por isso, \u00e9 fundamental conhecer os direitos envolvidos e agir de forma adequada diante de qualquer irregularidade. O acesso \u00e0 informa\u00e7\u00e3o e a an\u00e1lise jur\u00eddica correta s\u00e3o essenciais para garantir a prote\u00e7\u00e3o dos direitos do consumidor.<\/p>\n\n\n\n<p><\/p>\n","protected":false},"excerpt":{"rendered":"<p>A inclus\u00e3o do nome em cadastros de inadimplentes \u00e9 uma pr\u00e1tica comum nas rela\u00e7\u00f5es de consumo, utilizada como forma de prote\u00e7\u00e3o ao cr\u00e9dito. No entanto, quando essa negativa\u00e7\u00e3o ocorre de forma indevida, ela pode gerar consequ\u00eancias jur\u00eddicas relevantes, especialmente no que diz respeito \u00e0 responsabiliza\u00e7\u00e3o civil e ao direito \u00e0 indeniza\u00e7\u00e3o. Situa\u00e7\u00f5es como cobran\u00e7a de &hellip;<\/p>\n<p class=\"read-more\"> <a class=\"\" href=\"https:\/\/santoseurel.com\/blog\/nome-negativado-indevidamente-quais-sao-seus-direitos\/\"> <span class=\"screen-reader-text\">Nome negativado indevidamente: quais s\u00e3o seus direitos?<\/span> Leia mais &raquo;<\/a><\/p>\n","protected":false},"author":1,"featured_media":1966,"comment_status":"open","ping_status":"open","sticky":false,"template":"","format":"standard","meta":{"inline_featured_image":false,"site-sidebar-layout":"default","site-content-layout":"default","ast-global-header-display":"","ast-banner-title-visibility":"","ast-main-header-display":"","ast-hfb-above-header-display":"","ast-hfb-below-header-display":"","ast-hfb-mobile-header-display":"","site-post-title":"","ast-breadcrumbs-content":"","ast-featured-img":"","footer-sml-layout":"","theme-transparent-header-meta":"","adv-header-id-meta":"","stick-header-meta":"","header-above-stick-meta":"","header-main-stick-meta":"","header-below-stick-meta":"","footnotes":""},"categories":[3],"tags":[],"class_list":["post-2429","post","type-post","status-publish","format-standard","has-post-thumbnail","hentry","category-direito-civil"],"_links":{"self":[{"href":"https:\/\/santoseurel.com\/blog\/wp-json\/wp\/v2\/posts\/2429","targetHints":{"allow":["GET"]}}],"collection":[{"href":"https:\/\/santoseurel.com\/blog\/wp-json\/wp\/v2\/posts"}],"about":[{"href":"https:\/\/santoseurel.com\/blog\/wp-json\/wp\/v2\/types\/post"}],"author":[{"embeddable":true,"href":"https:\/\/santoseurel.com\/blog\/wp-json\/wp\/v2\/users\/1"}],"replies":[{"embeddable":true,"href":"https:\/\/santoseurel.com\/blog\/wp-json\/wp\/v2\/comments?post=2429"}],"version-history":[{"count":2,"href":"https:\/\/santoseurel.com\/blog\/wp-json\/wp\/v2\/posts\/2429\/revisions"}],"predecessor-version":[{"id":2432,"href":"https:\/\/santoseurel.com\/blog\/wp-json\/wp\/v2\/posts\/2429\/revisions\/2432"}],"wp:featuredmedia":[{"embeddable":true,"href":"https:\/\/santoseurel.com\/blog\/wp-json\/wp\/v2\/media\/1966"}],"wp:attachment":[{"href":"https:\/\/santoseurel.com\/blog\/wp-json\/wp\/v2\/media?parent=2429"}],"wp:term":[{"taxonomy":"category","embeddable":true,"href":"https:\/\/santoseurel.com\/blog\/wp-json\/wp\/v2\/categories?post=2429"},{"taxonomy":"post_tag","embeddable":true,"href":"https:\/\/santoseurel.com\/blog\/wp-json\/wp\/v2\/tags?post=2429"}],"curies":[{"name":"wp","href":"https:\/\/api.w.org\/{rel}","templated":true}]}}